{"id":98,"global_id":"escazu.go.cr\/cultura?id=98","global_id_lineage":["escazu.go.cr\/cultura?id=98"],"author":"1","status":"publish","date":"2025-03-14 12:09:25","date_utc":"2025-03-14 18:09:25","modified":"2025-03-15 09:43:46","modified_utc":"2025-03-15 15:43:46","url":"https:\/\/escazu.go.cr\/cultura\/?tribe_events=dia-internacional-contra-la-homofobia-transfobia-y-bifobia","rest_url":"https:\/\/escazu.go.cr\/cultura\/index.php?rest_route=\/tribe\/events\/v1\/events\/98","title":"D\u00eda Internacional contra la Homofobia, transfobia y Bifobia","description":"<p>El D\u00eda Internacional contra la Homofobia, Transfobia y Bifobia se celebra cada 17 de mayo para conmemorar la decisi\u00f3n de la Organizaci\u00f3n Mundial de la Salud (OMS) en 1990 de despatologizar la homosexualidad. Este d\u00eda busca promover la igualdad, sensibilizar sobre los derechos de las personas LGBTQ+ y luchar contra la discriminaci\u00f3n, el estigma y la violencia basados en la orientaci\u00f3n sexual y la identidad de g\u00e9nero. Se realizan actividades, exposiciones y campa\u00f1as para fomentar el respeto y la inclusi\u00f3n, desde un enfoque de los derechos humanos.<\/p>","excerpt":"<p>P\u00fablico en general, familias, y comunidad diversa del cant\u00f3n de Escaz\u00fa<\/p>","slug":"dia-internacional-contra-la-homofobia-transfobia-y-bifobia","image":{"url":"https:\/\/escazu.go.cr\/cultura\/wp-content\/uploads\/2025\/03\/Asset-15@3x-80-e1742051657361.jpg","id":130,"extension":"jpg","width":1133,"height":925,"filesize":880550,"sizes":{"medium":{"width":300,"height":245,"mime-type":"image\/jpeg","filesize":593609,"url":"https:\/\/escazu.go.cr\/cultura\/wp-content\/uploads\/2025\/03\/Asset-15@3x-80-e1742051657361-300x245.jpg"},"large":{"width":1024,"height":836,"mime-type":"image\/jpeg","filesize":804223,"url":"https:\/\/escazu.go.cr\/cultura\/wp-content\/uploads\/2025\/03\/Asset-15@3x-80-e1742051657361-1024x836.jpg"},"thumbnail":{"width":150,"height":150,"mime-type":"image\/jpeg","filesize":571322,"url":"https:\/\/escazu.go.cr\/cultura\/wp-content\/uploads\/2025\/03\/Asset-15@3x-80-e1742051657361-150x150.jpg"},"medium_large":{"width":768,"height":627,"mime-type":"image\/jpeg","filesize":712180,"url":"https:\/\/escazu.go.cr\/cultura\/wp-content\/uploads\/2025\/03\/Asset-15@3x-80-e1742051657361-768x627.jpg"},"1536x1536":{"width":1273,"height":1536,"mime-type":"image\/jpeg","filesize":1020633,"url":"https:\/\/escazu.go.cr\/cultura\/wp-content\/uploads\/2025\/03\/Asset-15@3x-80-1273x1536.jpg"},"2048x2048":{"width":1698,"height":2048,"mime-type":"image\/jpeg","filesize":1299625,"url":"https:\/\/escazu.go.cr\/cultura\/wp-content\/uploads\/2025\/03\/Asset-15@3x-80-1698x2048.jpg"},"citadela_item_thumbnail":{"width":640,"height":480,"mime-type":"image\/jpeg","filesize":661152,"url":"https:\/\/escazu.go.cr\/cultura\/wp-content\/uploads\/2025\/03\/Asset-15@3x-80-e1742051657361-640x480.jpg"},"citadela_service":{"width":480,"height":360,"mime-type":"image\/jpeg","filesize":623727,"url":"https:\/\/escazu.go.cr\/cultura\/wp-content\/uploads\/2025\/03\/Asset-15@3x-80-e1742051657361-480x360.jpg"}}},"all_day":false,"start_date":"2025-05-17 10:00:00","start_date_details":{"year":"2025","month":"05","day":"17","hour":"10","minutes":"00","seconds":"00"},"end_date":"2025-05-17 10:00:00","end_date_details":{"year":"2025","month":"05","day":"17","hour":"10","minutes":"00","seconds":"00"},"utc_start_date":"2025-05-17 15:00:00","utc_start_date_details":{"year":"2025","month":"05","day":"17","hour":"15","minutes":"00","seconds":"00"},"utc_end_date":"2025-05-17 15:00:00","utc_end_date_details":{"year":"2025","month":"05","day":"17","hour":"15","minutes":"00","seconds":"00"},"timezone":"UTC-6","timezone_abbr":"UTC-6","cost":"","cost_details":{"currency_symbol":"\u20a1","currency_code":"CRC","currency_position":"prefix","values":[]},"website":"","show_map":false,"show_map_link":false,"hide_from_listings":false,"sticky":false,"featured":false,"categories":[{"name":"Agenda Cultural","slug":"agenda-cultural","term_group":0,"term_taxonomy_id":7,"taxonomy":"tribe_events_cat","description":"","parent":0,"count":74,"filter":"raw","id":7,"urls":{"self":"https:\/\/escazu.go.cr\/cultura\/index.php?rest_route=\/tribe\/events\/v1\/categories\/7","collection":"https:\/\/escazu.go.cr\/cultura\/index.php?rest_route=\/tribe\/events\/v1\/categories"}}],"tags":[],"venue":{"id":170,"author":"1","status":"publish","date":"2025-03-15 09:29:21","date_utc":"2025-03-15 15:29:21","modified":"2025-03-15 09:29:21","modified_utc":"2025-03-15 15:29:21","url":"https:\/\/escazu.go.cr\/cultura\/?tribe_venue=parque-guachipelin","venue":"Parque Guachipel\u00edn","slug":"parque-guachipelin","json_ld":{"@type":"Place","name":"Parque Guachipel\u00edn","description":"","url":"","address":{"@type":"PostalAddress"},"telephone":"","sameAs":""},"show_map":true,"show_map_link":true,"global_id":"escazu.go.cr\/cultura?id=170","global_id_lineage":["escazu.go.cr\/cultura?id=170"]},"organizer":[],"custom_fields":[],"json_ld":{"@context":"http:\/\/schema.org","@type":"Event","name":"D\u00eda Internacional contra la Homofobia, transfobia y Bifobia","description":"&lt;p&gt;P\u00fablico en general, familias, y comunidad diversa del cant\u00f3n de Escaz\u00fa&lt;\/p&gt;\\n","image":"https:\/\/escazu.go.cr\/cultura\/wp-content\/uploads\/2025\/03\/Asset-15@3x-80-e1742051657361.jpg","url":"https:\/\/escazu.go.cr\/cultura\/?tribe_events=dia-internacional-contra-la-homofobia-transfobia-y-bifobia","eventAttendanceMode":"https:\/\/schema.org\/OfflineEventAttendanceMode","eventStatus":"https:\/\/schema.org\/EventScheduled","startDate":"2025-05-17T10:00:00-06:00","endDate":"2025-05-17T10:00:00-06:00","location":{"@type":"Place","name":"Parque Guachipel\u00edn","description":"","url":"","address":{"@type":"PostalAddress"},"telephone":"","sameAs":""},"performer":"Organization"}}