{"id":329,"date":"2026-04-13T07:43:10","date_gmt":"2026-04-13T13:43:10","guid":{"rendered":"https:\/\/escazu.go.cr\/cultura\/?p=329"},"modified":"2026-04-13T07:46:30","modified_gmt":"2026-04-13T13:46:30","slug":"homenaje-a-los-heroes-escazucenos-de-la-campana-1856-1857","status":"publish","type":"post","link":"https:\/\/escazu.go.cr\/cultura\/?p=329","title":{"rendered":"Homenaje a los H\u00e9roes Escazuce\u00f1os de la campa\u00f1a 1856-1857"},"content":{"rendered":"\n<p>Adem\u00e1s, se hizo entrega de reconocimiento a nuestros h\u00e9roes actuales: <a href=\"https:\/\/www.facebook.com\/BomberosCR?__cft__[0]=AZaM6sIJCs_XJEag6D27inPhYpvYafqr9ZnI8VBabrffZdlJVycYjoSAuqJRshijuBP3iLTAklfrWIqcELa2fs416WvmOXDDruCB7GxrP_bTHV7Z6WPIWKi6T6xM2ErwfPmBoIoNHoiPRD7x0aJd3II3MpFy_1f7lVvh_uSyKld1Ow&amp;__tn__=-]K-R\">Benem\u00e9rito Cuerpo de Bomberos de Costa Rica<\/a>, <a href=\"https:\/\/www.facebook.com\/fuerzapublicadecostarica?__cft__[0]=AZaM6sIJCs_XJEag6D27inPhYpvYafqr9ZnI8VBabrffZdlJVycYjoSAuqJRshijuBP3iLTAklfrWIqcELa2fs416WvmOXDDruCB7GxrP_bTHV7Z6WPIWKi6T6xM2ErwfPmBoIoNHoiPRD7x0aJd3II3MpFy_1f7lVvh_uSyKld1Ow&amp;__tn__=-]K-R\">Fuerza P\u00fablica de Costa Rica<\/a>, <a href=\"https:\/\/www.facebook.com\/cruzrojacostarricense?__cft__[0]=AZaM6sIJCs_XJEag6D27inPhYpvYafqr9ZnI8VBabrffZdlJVycYjoSAuqJRshijuBP3iLTAklfrWIqcELa2fs416WvmOXDDruCB7GxrP_bTHV7Z6WPIWKi6T6xM2ErwfPmBoIoNHoiPRD7x0aJd3II3MpFy_1f7lVvh_uSyKld1Ow&amp;__tn__=-]K-R\">Cruz Roja Costarricense<\/a> y a don Yosen Rosas. <img loading=\"lazy\" decoding=\"async\" height=\"16\" width=\"16\" alt=\"\ud83e\udee1\" src=\"https:\/\/static.xx.fbcdn.net\/images\/emoji.php\/v9\/t25\/1\/16\/1fae1.png\"><img loading=\"lazy\" decoding=\"async\" height=\"16\" width=\"16\" alt=\"\ud83c\udde8\ud83c\uddf7\" src=\"https:\/\/static.xx.fbcdn.net\/images\/emoji.php\/v9\/tca\/1\/16\/1f1e8_1f1f7.png\"><\/p>\n\n\n\n<p>\u00a1Lo que no se olvida, nunca muere! <img loading=\"lazy\" decoding=\"async\" height=\"16\" width=\"16\" alt=\"\ud83d\udc99\" src=\"https:\/\/static.xx.fbcdn.net\/images\/emoji.php\/v9\/t6c\/1\/16\/1f499.png\"><img loading=\"lazy\" decoding=\"async\" height=\"16\" width=\"16\" alt=\"\ud83e\udd0d\" src=\"https:\/\/static.xx.fbcdn.net\/images\/emoji.php\/v9\/tc5\/1\/16\/1f90d.png\"><\/p>\n\n\n\n<figure class=\"wp-block-gallery has-nested-images columns-default is-cropped wp-block-gallery-1 is-layout-flex wp-block-gallery-is-layout-flex\">\n<figure class=\"wp-block-image size-large\"><img loading=\"lazy\" decoding=\"async\" width=\"1024\" height=\"683\" data-id=\"331\" src=\"https:\/\/escazu.go.cr\/cultura\/wp-content\/uploads\/2026\/04\/668727148_1364081789080720_7888265814509131133_n-1024x683.jpg\" alt=\"\" class=\"wp-image-331\" srcset=\"https:\/\/escazu.go.cr\/cultura\/wp-content\/uploads\/2026\/04\/668727148_1364081789080720_7888265814509131133_n-1024x683.jpg 1024w, https:\/\/escazu.go.cr\/cultura\/wp-content\/uploads\/2026\/04\/668727148_1364081789080720_7888265814509131133_n-300x200.jpg 300w, https:\/\/escazu.go.cr\/cultura\/wp-content\/uploads\/2026\/04\/668727148_1364081789080720_7888265814509131133_n-768x512.jpg 768w, https:\/\/escazu.go.cr\/cultura\/wp-content\/uploads\/2026\/04\/668727148_1364081789080720_7888265814509131133_n-1536x1024.jpg 1536w, https:\/\/escazu.go.cr\/cultura\/wp-content\/uploads\/2026\/04\/668727148_1364081789080720_7888265814509131133_n.jpg 2048w\" sizes=\"auto, (max-width: 1024px) 100vw, 1024px\" \/><\/figure>\n\n\n\n<figure class=\"wp-block-image size-large\"><img loading=\"lazy\" decoding=\"async\" width=\"1024\" height=\"683\" data-id=\"332\" src=\"https:\/\/escazu.go.cr\/cultura\/wp-content\/uploads\/2026\/04\/668778317_1364082709080628_6220689025005348981_n-1024x683.jpg\" alt=\"\" class=\"wp-image-332\" srcset=\"https:\/\/escazu.go.cr\/cultura\/wp-content\/uploads\/2026\/04\/668778317_1364082709080628_6220689025005348981_n-1024x683.jpg 1024w, https:\/\/escazu.go.cr\/cultura\/wp-content\/uploads\/2026\/04\/668778317_1364082709080628_6220689025005348981_n-300x200.jpg 300w, https:\/\/escazu.go.cr\/cultura\/wp-content\/uploads\/2026\/04\/668778317_1364082709080628_6220689025005348981_n-768x512.jpg 768w, https:\/\/escazu.go.cr\/cultura\/wp-content\/uploads\/2026\/04\/668778317_1364082709080628_6220689025005348981_n-1536x1024.jpg 1536w, https:\/\/escazu.go.cr\/cultura\/wp-content\/uploads\/2026\/04\/668778317_1364082709080628_6220689025005348981_n.jpg 2048w\" sizes=\"auto, (max-width: 1024px) 100vw, 1024px\" \/><\/figure>\n\n\n\n<figure class=\"wp-block-image size-large\"><img loading=\"lazy\" decoding=\"async\" width=\"1024\" height=\"683\" data-id=\"335\" src=\"https:\/\/escazu.go.cr\/cultura\/wp-content\/uploads\/2026\/04\/668772188_1364084149080484_4154885562121623691_n-1-1024x683.jpg\" alt=\"\" class=\"wp-image-335\" srcset=\"https:\/\/escazu.go.cr\/cultura\/wp-content\/uploads\/2026\/04\/668772188_1364084149080484_4154885562121623691_n-1-1024x683.jpg 1024w, https:\/\/escazu.go.cr\/cultura\/wp-content\/uploads\/2026\/04\/668772188_1364084149080484_4154885562121623691_n-1-300x200.jpg 300w, https:\/\/escazu.go.cr\/cultura\/wp-content\/uploads\/2026\/04\/668772188_1364084149080484_4154885562121623691_n-1-768x512.jpg 768w, https:\/\/escazu.go.cr\/cultura\/wp-content\/uploads\/2026\/04\/668772188_1364084149080484_4154885562121623691_n-1-1536x1024.jpg 1536w, https:\/\/escazu.go.cr\/cultura\/wp-content\/uploads\/2026\/04\/668772188_1364084149080484_4154885562121623691_n-1.jpg 2048w\" sizes=\"auto, (max-width: 1024px) 100vw, 1024px\" \/><\/figure>\n<\/figure>\n","protected":false},"excerpt":{"rendered":"<p>Adem\u00e1s, se hizo entrega de reconocimiento a nuestros h\u00e9roes actuales: Benem\u00e9rito Cuerpo de Bomberos de Costa Rica, Fuerza P\u00fablica de Costa Rica, Cruz Roja Costarricense y a don Yosen Rosas. [&hellip;]<\/p>\n","protected":false},"author":2,"featured_media":333,"comment_status":"closed","ping_status":"closed","sticky":false,"template":"","format":"standard","meta":{"_citadela_custom_class":"","footnotes":""},"categories":[1],"tags":[],"citadela-post-location":[],"class_list":["post-329","post","type-post","status-publish","format-standard","has-post-thumbnail","hentry","category-noticias"],"_links":{"self":[{"href":"https:\/\/escazu.go.cr\/cultura\/index.php?rest_route=\/wp\/v2\/posts\/329","targetHints":{"allow":["GET"]}}],"collection":[{"href":"https:\/\/escazu.go.cr\/cultura\/index.php?rest_route=\/wp\/v2\/posts"}],"about":[{"href":"https:\/\/escazu.go.cr\/cultura\/index.php?rest_route=\/wp\/v2\/types\/post"}],"author":[{"embeddable":true,"href":"https:\/\/escazu.go.cr\/cultura\/index.php?rest_route=\/wp\/v2\/users\/2"}],"replies":[{"embeddable":true,"href":"https:\/\/escazu.go.cr\/cultura\/index.php?rest_route=%2Fwp%2Fv2%2Fcomments&post=329"}],"version-history":[{"count":0,"href":"https:\/\/escazu.go.cr\/cultura\/index.php?rest_route=\/wp\/v2\/posts\/329\/revisions"}],"wp:featuredmedia":[{"embeddable":true,"href":"https:\/\/escazu.go.cr\/cultura\/index.php?rest_route=\/wp\/v2\/media\/333"}],"wp:attachment":[{"href":"https:\/\/escazu.go.cr\/cultura\/index.php?rest_route=%2Fwp%2Fv2%2Fmedia&parent=329"}],"wp:term":[{"taxonomy":"category","embeddable":true,"href":"https:\/\/escazu.go.cr\/cultura\/index.php?rest_route=%2Fwp%2Fv2%2Fcategories&post=329"},{"taxonomy":"post_tag","embeddable":true,"href":"https:\/\/escazu.go.cr\/cultura\/index.php?rest_route=%2Fwp%2Fv2%2Ftags&post=329"},{"taxonomy":"citadela-post-location","embeddable":true,"href":"https:\/\/escazu.go.cr\/cultura\/index.php?rest_route=%2Fwp%2Fv2%2Fcitadela-post-location&post=329"}],"curies":[{"name":"wp","href":"https:\/\/api.w.org\/{rel}","templated":true}]}}