{"id":342,"date":"2026-04-20T07:51:07","date_gmt":"2026-04-20T13:51:07","guid":{"rendered":"https:\/\/escazu.go.cr\/cultura\/?p=342"},"modified":"2026-04-20T07:51:10","modified_gmt":"2026-04-20T13:51:10","slug":"parque-de-san-antonio-cuenta-con-museo-al-aire-libre","status":"publish","type":"post","link":"https:\/\/escazu.go.cr\/cultura\/?p=342","title":{"rendered":"\u00a1Parque de San Antonio cuenta con Museo al Aire Libre!"},"content":{"rendered":"\n<p>La Municipalidad de Escaz\u00fa inaugur\u00f3 el Museo al Aire Libre en el Parque de San Antonio, con la historia, fotograf\u00edas y tradiciones de nuestro cant\u00f3n. <img loading=\"lazy\" decoding=\"async\" height=\"16\" width=\"16\" alt=\"\ud83d\udc02\" src=\"https:\/\/static.xx.fbcdn.net\/images\/emoji.php\/v9\/t4e\/1\/16\/1f402.png\"><img loading=\"lazy\" decoding=\"async\" height=\"16\" width=\"16\" alt=\"\ud83d\udcf7\" src=\"https:\/\/static.xx.fbcdn.net\/images\/emoji.php\/v9\/t5d\/1\/16\/1f4f7.png\"><\/p>\n\n\n\n<p>La informaci\u00f3n se encuentran a lo largo de la Plaza del Boyero, donde se podr\u00e1 vivir una experiencia en realidad aumentada e inmersi\u00f3n, con la descarga de la aplicaci\u00f3n Artivive. <img loading=\"lazy\" decoding=\"async\" height=\"16\" width=\"16\" alt=\"\ud83d\udcf2\" src=\"https:\/\/static.xx.fbcdn.net\/images\/emoji.php\/v9\/td8\/1\/16\/1f4f2.png\"><\/p>\n\n\n\n<p>Este enfoque hist\u00f3rico, se centra tambi\u00e9n en la expansi\u00f3n tur\u00edstica que puede tener el distrito de San Antonio, parte del trabajo que realiza <a href=\"https:\/\/www.facebook.com\/EscazuTurismo?__cft__[0]=AZa-9Wv4DKTf-kicVsv9KfuP6qqC8IiF7l-BLf0-2_VIPeH6b4SJr3qohnS0ttXUFV74WtodXPLBRpBgyR5k-uzQmnBj3Yh7DkOe90yh4wEVqeSXnu0RTEiV8MbEtS0HsCxvONB5ZwuMTVdU1od3lW6jT_S_bufdhtCSjSWPmRcWsg&amp;__tn__=-]K-R\">Escaz\u00fa Turismo<\/a>. <img loading=\"lazy\" decoding=\"async\" height=\"16\" width=\"16\" alt=\"\ud83c\udf0e\" src=\"https:\/\/static.xx.fbcdn.net\/images\/emoji.php\/v9\/tc0\/1\/16\/1f30e.png\"><\/p>\n\n\n\n<p>La informaci\u00f3n se encuentra en espa\u00f1ol e ingl\u00e9s para los visitantes, adem\u00e1s, que mediante la app Artivive, se puede obtener la informaci\u00f3n en LESCO, para mayor inclusividad de la historia de Escaz\u00fa. <img loading=\"lazy\" decoding=\"async\" height=\"16\" width=\"16\" alt=\"\u2705\" src=\"https:\/\/static.xx.fbcdn.net\/images\/emoji.php\/v9\/t33\/1\/16\/2705.png\"><img loading=\"lazy\" decoding=\"async\" height=\"16\" width=\"16\" alt=\"\u2705\" src=\"https:\/\/static.xx.fbcdn.net\/images\/emoji.php\/v9\/t33\/1\/16\/2705.png\"><img loading=\"lazy\" decoding=\"async\" height=\"16\" width=\"16\" alt=\"\u2705\" src=\"https:\/\/static.xx.fbcdn.net\/images\/emoji.php\/v9\/t33\/1\/16\/2705.png\"><\/p>\n\n\n\n<p>\u00a1Trabajamos para preservar la historia de Escaz\u00fa y potenciar el turismo en nuestro cant\u00f3n!<\/p>\n\n\n\n<figure class=\"wp-block-gallery has-nested-images columns-default is-cropped wp-block-gallery-1 is-layout-flex wp-block-gallery-is-layout-flex\">\n<figure class=\"wp-block-image size-large\"><img loading=\"lazy\" decoding=\"async\" width=\"1024\" height=\"683\" data-id=\"345\" src=\"https:\/\/escazu.go.cr\/cultura\/wp-content\/uploads\/2026\/04\/671661562_1367062155449350_8388943157786438921_n-1-1024x683.jpg\" alt=\"\" class=\"wp-image-345\" srcset=\"https:\/\/escazu.go.cr\/cultura\/wp-content\/uploads\/2026\/04\/671661562_1367062155449350_8388943157786438921_n-1-1024x683.jpg 1024w, https:\/\/escazu.go.cr\/cultura\/wp-content\/uploads\/2026\/04\/671661562_1367062155449350_8388943157786438921_n-1-300x200.jpg 300w, https:\/\/escazu.go.cr\/cultura\/wp-content\/uploads\/2026\/04\/671661562_1367062155449350_8388943157786438921_n-1-768x512.jpg 768w, https:\/\/escazu.go.cr\/cultura\/wp-content\/uploads\/2026\/04\/671661562_1367062155449350_8388943157786438921_n-1-1536x1024.jpg 1536w, https:\/\/escazu.go.cr\/cultura\/wp-content\/uploads\/2026\/04\/671661562_1367062155449350_8388943157786438921_n-1.jpg 2048w\" sizes=\"auto, (max-width: 1024px) 100vw, 1024px\" \/><\/figure>\n\n\n\n<figure class=\"wp-block-image size-large\"><img loading=\"lazy\" decoding=\"async\" width=\"1024\" height=\"683\" data-id=\"344\" src=\"https:\/\/escazu.go.cr\/cultura\/wp-content\/uploads\/2026\/04\/670768990_1367062225449343_8243675608150254350_n-1-1024x683.jpg\" alt=\"\" class=\"wp-image-344\" srcset=\"https:\/\/escazu.go.cr\/cultura\/wp-content\/uploads\/2026\/04\/670768990_1367062225449343_8243675608150254350_n-1-1024x683.jpg 1024w, https:\/\/escazu.go.cr\/cultura\/wp-content\/uploads\/2026\/04\/670768990_1367062225449343_8243675608150254350_n-1-300x200.jpg 300w, https:\/\/escazu.go.cr\/cultura\/wp-content\/uploads\/2026\/04\/670768990_1367062225449343_8243675608150254350_n-1-768x512.jpg 768w, https:\/\/escazu.go.cr\/cultura\/wp-content\/uploads\/2026\/04\/670768990_1367062225449343_8243675608150254350_n-1-1536x1024.jpg 1536w, https:\/\/escazu.go.cr\/cultura\/wp-content\/uploads\/2026\/04\/670768990_1367062225449343_8243675608150254350_n-1.jpg 2048w\" sizes=\"auto, (max-width: 1024px) 100vw, 1024px\" \/><\/figure>\n\n\n\n<figure class=\"wp-block-image size-large\"><img loading=\"lazy\" decoding=\"async\" width=\"1024\" height=\"683\" data-id=\"343\" src=\"https:\/\/escazu.go.cr\/cultura\/wp-content\/uploads\/2026\/04\/670946364_1367061168782782_4508114528683773147_n-1-1024x683.jpg\" alt=\"\" class=\"wp-image-343\" srcset=\"https:\/\/escazu.go.cr\/cultura\/wp-content\/uploads\/2026\/04\/670946364_1367061168782782_4508114528683773147_n-1-1024x683.jpg 1024w, https:\/\/escazu.go.cr\/cultura\/wp-content\/uploads\/2026\/04\/670946364_1367061168782782_4508114528683773147_n-1-300x200.jpg 300w, https:\/\/escazu.go.cr\/cultura\/wp-content\/uploads\/2026\/04\/670946364_1367061168782782_4508114528683773147_n-1-768x512.jpg 768w, https:\/\/escazu.go.cr\/cultura\/wp-content\/uploads\/2026\/04\/670946364_1367061168782782_4508114528683773147_n-1-1536x1024.jpg 1536w, https:\/\/escazu.go.cr\/cultura\/wp-content\/uploads\/2026\/04\/670946364_1367061168782782_4508114528683773147_n-1.jpg 2048w\" sizes=\"auto, (max-width: 1024px) 100vw, 1024px\" \/><\/figure>\n<\/figure>\n","protected":false},"excerpt":{"rendered":"<p>La Municipalidad de Escaz\u00fa inaugur\u00f3 el Museo al Aire Libre en el Parque de San Antonio, con la historia, fotograf\u00edas y tradiciones de nuestro cant\u00f3n. La informaci\u00f3n se encuentran a [&hellip;]<\/p>\n","protected":false},"author":2,"featured_media":346,"comment_status":"closed","ping_status":"closed","sticky":false,"template":"","format":"standard","meta":{"_citadela_custom_class":"","footnotes":""},"categories":[1],"tags":[],"citadela-post-location":[],"class_list":["post-342","post","type-post","status-publish","format-standard","has-post-thumbnail","hentry","category-noticias"],"_links":{"self":[{"href":"https:\/\/escazu.go.cr\/cultura\/index.php?rest_route=\/wp\/v2\/posts\/342","targetHints":{"allow":["GET"]}}],"collection":[{"href":"https:\/\/escazu.go.cr\/cultura\/index.php?rest_route=\/wp\/v2\/posts"}],"about":[{"href":"https:\/\/escazu.go.cr\/cultura\/index.php?rest_route=\/wp\/v2\/types\/post"}],"author":[{"embeddable":true,"href":"https:\/\/escazu.go.cr\/cultura\/index.php?rest_route=\/wp\/v2\/users\/2"}],"replies":[{"embeddable":true,"href":"https:\/\/escazu.go.cr\/cultura\/index.php?rest_route=%2Fwp%2Fv2%2Fcomments&post=342"}],"version-history":[{"count":0,"href":"https:\/\/escazu.go.cr\/cultura\/index.php?rest_route=\/wp\/v2\/posts\/342\/revisions"}],"wp:featuredmedia":[{"embeddable":true,"href":"https:\/\/escazu.go.cr\/cultura\/index.php?rest_route=\/wp\/v2\/media\/346"}],"wp:attachment":[{"href":"https:\/\/escazu.go.cr\/cultura\/index.php?rest_route=%2Fwp%2Fv2%2Fmedia&parent=342"}],"wp:term":[{"taxonomy":"category","embeddable":true,"href":"https:\/\/escazu.go.cr\/cultura\/index.php?rest_route=%2Fwp%2Fv2%2Fcategories&post=342"},{"taxonomy":"post_tag","embeddable":true,"href":"https:\/\/escazu.go.cr\/cultura\/index.php?rest_route=%2Fwp%2Fv2%2Ftags&post=342"},{"taxonomy":"citadela-post-location","embeddable":true,"href":"https:\/\/escazu.go.cr\/cultura\/index.php?rest_route=%2Fwp%2Fv2%2Fcitadela-post-location&post=342"}],"curies":[{"name":"wp","href":"https:\/\/api.w.org\/{rel}","templated":true}]}}