{"id":349,"date":"2026-04-24T11:23:53","date_gmt":"2026-04-24T17:23:53","guid":{"rendered":"https:\/\/escazu.go.cr\/cultura\/?p=349"},"modified":"2026-04-24T11:23:56","modified_gmt":"2026-04-24T17:23:56","slug":"el-programa-cultivarte-celebro-el-dia-del-libro","status":"publish","type":"post","link":"https:\/\/escazu.go.cr\/cultura\/?p=349","title":{"rendered":"El programa Cultivarte celebr\u00f3 el D\u00eda del Libro"},"content":{"rendered":"\n<p>Fomentando la lectura y escritura en los ni\u00f1os y j\u00f3venes pertenecientes a los cursos. La Municipalidad de Escaz\u00fa junto con <a href=\"https:\/\/www.facebook.com\/DaviviendaCostaRica?__cft__[0]=AZbZ8qfrrycVh2HE8d_4-9MZ_ItthCoYGDBlv0QDE9t8ZlKhBqHmfPQlXKo4dM9ZJiugfTS4RU4SnLXR5hETsHD7ugEzoDjQZpLtaYeG_uvJFG2VMthtd8ybURZfDMAxmv_i561nChWwbPbEh66ETE6tdziZiiKWiS_sPwZk9r77HA&amp;__tn__=-]K-R\">Davivienda Costa Rica<\/a>, impulsan el desarrollo de la lectura desde edades tempranas y la escritura. <\/p>\n\n\n\n<p>\u00a1Trabajamos por la educaci\u00f3n de las pr\u00f3ximas generaciones de Escaz\u00fa!<\/p>\n\n\n\n<figure class=\"wp-block-gallery has-nested-images columns-default is-cropped wp-block-gallery-1 is-layout-flex wp-block-gallery-is-layout-flex\">\n<figure class=\"wp-block-image size-large\"><img loading=\"lazy\" decoding=\"async\" width=\"1024\" height=\"683\" data-id=\"351\" src=\"https:\/\/escazu.go.cr\/cultura\/wp-content\/uploads\/2026\/04\/678404499_1375213241300908_9076838309008136304_n-1024x683.jpg\" alt=\"\" class=\"wp-image-351\" srcset=\"https:\/\/escazu.go.cr\/cultura\/wp-content\/uploads\/2026\/04\/678404499_1375213241300908_9076838309008136304_n-1024x683.jpg 1024w, https:\/\/escazu.go.cr\/cultura\/wp-content\/uploads\/2026\/04\/678404499_1375213241300908_9076838309008136304_n-300x200.jpg 300w, https:\/\/escazu.go.cr\/cultura\/wp-content\/uploads\/2026\/04\/678404499_1375213241300908_9076838309008136304_n-768x512.jpg 768w, https:\/\/escazu.go.cr\/cultura\/wp-content\/uploads\/2026\/04\/678404499_1375213241300908_9076838309008136304_n-1536x1024.jpg 1536w, https:\/\/escazu.go.cr\/cultura\/wp-content\/uploads\/2026\/04\/678404499_1375213241300908_9076838309008136304_n.jpg 2048w\" sizes=\"auto, (max-width: 1024px) 100vw, 1024px\" \/><\/figure>\n\n\n\n<figure class=\"wp-block-image size-large\"><img loading=\"lazy\" decoding=\"async\" width=\"1024\" height=\"683\" data-id=\"352\" src=\"https:\/\/escazu.go.cr\/cultura\/wp-content\/uploads\/2026\/04\/678258804_1375213281300904_6829886088308811362_n-1024x683.jpg\" alt=\"\" class=\"wp-image-352\" srcset=\"https:\/\/escazu.go.cr\/cultura\/wp-content\/uploads\/2026\/04\/678258804_1375213281300904_6829886088308811362_n-1024x683.jpg 1024w, https:\/\/escazu.go.cr\/cultura\/wp-content\/uploads\/2026\/04\/678258804_1375213281300904_6829886088308811362_n-300x200.jpg 300w, https:\/\/escazu.go.cr\/cultura\/wp-content\/uploads\/2026\/04\/678258804_1375213281300904_6829886088308811362_n-768x512.jpg 768w, https:\/\/escazu.go.cr\/cultura\/wp-content\/uploads\/2026\/04\/678258804_1375213281300904_6829886088308811362_n-1536x1024.jpg 1536w, https:\/\/escazu.go.cr\/cultura\/wp-content\/uploads\/2026\/04\/678258804_1375213281300904_6829886088308811362_n.jpg 2048w\" sizes=\"auto, (max-width: 1024px) 100vw, 1024px\" \/><\/figure>\n\n\n\n<figure class=\"wp-block-image size-large\"><img loading=\"lazy\" decoding=\"async\" width=\"1024\" height=\"683\" data-id=\"353\" src=\"https:\/\/escazu.go.cr\/cultura\/wp-content\/uploads\/2026\/04\/677629526_1375212177967681_8627360735998902377_n-1024x683.jpg\" alt=\"\" class=\"wp-image-353\" srcset=\"https:\/\/escazu.go.cr\/cultura\/wp-content\/uploads\/2026\/04\/677629526_1375212177967681_8627360735998902377_n-1024x683.jpg 1024w, https:\/\/escazu.go.cr\/cultura\/wp-content\/uploads\/2026\/04\/677629526_1375212177967681_8627360735998902377_n-300x200.jpg 300w, https:\/\/escazu.go.cr\/cultura\/wp-content\/uploads\/2026\/04\/677629526_1375212177967681_8627360735998902377_n-768x512.jpg 768w, https:\/\/escazu.go.cr\/cultura\/wp-content\/uploads\/2026\/04\/677629526_1375212177967681_8627360735998902377_n-1536x1024.jpg 1536w, https:\/\/escazu.go.cr\/cultura\/wp-content\/uploads\/2026\/04\/677629526_1375212177967681_8627360735998902377_n.jpg 2048w\" sizes=\"auto, (max-width: 1024px) 100vw, 1024px\" \/><\/figure>\n<\/figure>\n","protected":false},"excerpt":{"rendered":"<p>Fomentando la lectura y escritura en los ni\u00f1os y j\u00f3venes pertenecientes a los cursos. La Municipalidad de Escaz\u00fa junto con Davivienda Costa Rica, impulsan el desarrollo de la lectura desde [&hellip;]<\/p>\n","protected":false},"author":2,"featured_media":350,"comment_status":"closed","ping_status":"closed","sticky":false,"template":"","format":"standard","meta":{"_citadela_custom_class":"","footnotes":""},"categories":[1],"tags":[],"citadela-post-location":[],"class_list":["post-349","post","type-post","status-publish","format-standard","has-post-thumbnail","hentry","category-noticias"],"_links":{"self":[{"href":"https:\/\/escazu.go.cr\/cultura\/index.php?rest_route=\/wp\/v2\/posts\/349","targetHints":{"allow":["GET"]}}],"collection":[{"href":"https:\/\/escazu.go.cr\/cultura\/index.php?rest_route=\/wp\/v2\/posts"}],"about":[{"href":"https:\/\/escazu.go.cr\/cultura\/index.php?rest_route=\/wp\/v2\/types\/post"}],"author":[{"embeddable":true,"href":"https:\/\/escazu.go.cr\/cultura\/index.php?rest_route=\/wp\/v2\/users\/2"}],"replies":[{"embeddable":true,"href":"https:\/\/escazu.go.cr\/cultura\/index.php?rest_route=%2Fwp%2Fv2%2Fcomments&post=349"}],"version-history":[{"count":0,"href":"https:\/\/escazu.go.cr\/cultura\/index.php?rest_route=\/wp\/v2\/posts\/349\/revisions"}],"wp:featuredmedia":[{"embeddable":true,"href":"https:\/\/escazu.go.cr\/cultura\/index.php?rest_route=\/wp\/v2\/media\/350"}],"wp:attachment":[{"href":"https:\/\/escazu.go.cr\/cultura\/index.php?rest_route=%2Fwp%2Fv2%2Fmedia&parent=349"}],"wp:term":[{"taxonomy":"category","embeddable":true,"href":"https:\/\/escazu.go.cr\/cultura\/index.php?rest_route=%2Fwp%2Fv2%2Fcategories&post=349"},{"taxonomy":"post_tag","embeddable":true,"href":"https:\/\/escazu.go.cr\/cultura\/index.php?rest_route=%2Fwp%2Fv2%2Ftags&post=349"},{"taxonomy":"citadela-post-location","embeddable":true,"href":"https:\/\/escazu.go.cr\/cultura\/index.php?rest_route=%2Fwp%2Fv2%2Fcitadela-post-location&post=349"}],"curies":[{"name":"wp","href":"https:\/\/api.w.org\/{rel}","templated":true}]}}